[{"@context":"https:\/\/schema.org\/","@type":"Article","@id":"https:\/\/www.mcon.sk\/starsia-generacia\/#Article","mainEntityOfPage":"https:\/\/www.mcon.sk\/starsia-generacia\/","headline":"Star\u0161ia gener\u00e1cia","name":"Star\u0161ia gener\u00e1cia","description":"Gener\u00e1cia dne\u0161n\u00fdch d\u00f4chodcov je sn\u00e1\u010f v celej hist\u00f3rii najv\u00e4\u010d\u0161ia. Pri pohybe po vonku hlavne v rann\u00fdch hodin\u00e1ch v obchodoch alebo [&hellip;]","datePublished":"2023-01-27","dateModified":"2024-02-21","author":{"@type":"Person","@id":"https:\/\/www.mcon.sk\/author\/#Person","name":"","url":"https:\/\/www.mcon.sk\/author\/","identifier":1,"image":{"@type":"ImageObject","@id":"https:\/\/secure.gravatar.com\/avatar\/325464d7e09ffe52889ba6983accc5cdb65d0a54acd9a25cd7e409bd3eba713a?s=96&d=mm&r=g","url":"https:\/\/secure.gravatar.com\/avatar\/325464d7e09ffe52889ba6983accc5cdb65d0a54acd9a25cd7e409bd3eba713a?s=96&d=mm&r=g","height":96,"width":96}},"publisher":{"@type":"Organization","name":"mcon.sk","logo":{"@type":"ImageObject","@id":"\/logo.png","url":"\/logo.png","width":600,"height":60}},"image":{"@type":"ImageObject","@id":"https:\/\/www.mcon.sk\/wp-content\/uploads\/affection-1294965_1280.png","url":"https:\/\/www.mcon.sk\/wp-content\/uploads\/affection-1294965_1280.png","height":0,"width":0},"url":"https:\/\/www.mcon.sk\/starsia-generacia\/","about":["Podnikanie"],"wordCount":473,"articleBody":"          Gener\u00e1cia dne\u0161n\u00fdch d\u00f4chodcov je sn\u00e1\u010f v celej hist\u00f3rii najv\u00e4\u010d\u0161ia. Pri pohybe po vonku hlavne v rann\u00fdch hodin\u00e1ch v obchodoch alebo v autobusoch m\u00e1te pocit, \u017ee s\u00fa v\u0161ade. Nedaj\u00fa sa prehliadnu\u0165. Tla\u010dia sa na v\u00e1s v autobusoch, drgaj\u00fa do v\u00e1s n\u00e1kupn\u00fdmi ko\u0161\u00edkmi. N\u00e1kupn\u00e9 ko\u0161\u00edky nech\u00e1vaj\u00fa odstaven\u00e9 v strede uli\u010diek a veselo si drkotaj\u00fa so starou zn\u00e1mou, ktor\u00fa pr\u00e1ve stretli. Pri pokladni o\u010dak\u00e1vaj\u00fa, \u017ee ich pust\u00edte dopredu a ke\u010f n\u00e1hodou musia dlh\u0161ie \u010daka\u0165, tak sa hne\u010f za\u010dn\u00fa s\u0165a\u017eova\u0165. U lek\u00e1ra v \u010dak\u00e1rni tr\u00e1via v\u00e4\u010d\u0161inu svojho vo\u013en\u00e9ho \u010dasu a tie\u017e sa s\u0165a\u017euj\u00fa na dlh\u00e9 \u010dakacie doby a ke\u010f je n\u00e1hodou niekto u lek\u00e1ra dlh\u0161ie ako in\u00fd, tak hne\u010f vy\u0161etruj\u00fa, pre\u010do. Hne\u010f rie\u0161ia ka\u017ed\u00e9 \u0161uchnutie alebo klebetu, napr\u00edklad aj o tom, \u010di bol dan\u00fd p\u00e1n v Nitre na priv\u00e1te. Skr\u00e1tka, to s\u00fa na\u0161i d\u00f4chodcovia. Aj my tak\u00fd budeme. Verte, \u010di nie, asi \u00e1no. Aj ke\u010f ka\u017ed\u00fd z n\u00e1s by si chcel udr\u017ea\u0165 svoj rozum v takom stave v akom ho m\u00e1 aj teraz. Nie v\u017edy je to mo\u017en\u00e9, ale sk\u00fa\u0161a\u0165 to m\u00f4\u017eeme, pok\u00fdm sme \u017eiv\u00ed. Mnoh\u00ed z t\u00fdchto star\u00fdch si to v\u00f4bec neuvedomuje, \u017ee je tak\u00ed nepr\u00edjemn\u00ed k svojmu okoliu. Od n\u00e1s ostatn\u00fdch sa vy\u017eaduje, aby sme k nim boli mil\u00ed a \u00factiv\u00ed, hoci oni sa k n\u00e1m \u010dasto spr\u00e1vaj\u00fa e\u0161te hor\u0161ie ako my k nim. S\u00fa ako mal\u00e9 deti. Ur\u010dite ste si to v\u0161imli, \u017ee mnoh\u00ed d\u00f4chodcovia sa vracaj\u00fa k svojim detsk\u00fdm \u010dasom. Naozaj zost\u00e1vaj\u00fa tak\u00ed detsky naivn\u00ed a veria, \u017ee je to v poriadku. O plienkach a vypadan\u00fdch zuboch nebudem ani hovori\u0165, to u\u017e je jasn\u00fdm znakom toho, \u017ee sa pon\u00e1\u0161aj\u00fa na deti. Ich uva\u017eovanie u\u017e utrpelo nejak\u00e9 zmeny a preto ich rozm\u00fd\u0161\u013eanie sa m\u00f4\u017ee javi\u0165 dos\u0165 chaotick\u00e9 a rozdielne od n\u00e1\u0161ho. Bodaj by sa n\u00e1m v\u0161etk\u00fdm podarilo udr\u017ea\u0165 sa zdrav\u00fdmi a neseniln\u00fdmi do vysok\u00e9ho veku, aby sme nemuseli zn\u00e1\u0161a\u0165 tak\u00e9to pr\u00edkorie ako n\u00e1m nasto\u013euj\u00fa na\u0161i d\u00f4chodcovi teraz. Mo\u017eno si na to vtedy spomenieme, ale mo\u017eno n\u00e1m u\u017e pam\u00e4\u0165 nebude sl\u00fa\u017ei\u0165 tak ako vo\u013eakedy a zabudneme, na \u010do v\u0161etko sme sa hnevali, ke\u010f sme boli mlad\u00ed. Ver\u00edm v\u0161ak, \u017ee posil\u0148ovan\u00edm mozgu sa n\u00e1m podar\u00ed porazi\u0165 neposlu\u0161n\u00fdch seniorov a vznikn\u00fa slu\u0161n\u00ed a vychovan\u00ed d\u00f4chodcovia, ktor\u00ed v\u00e1m nevynadaj\u00fa pri prvom slu\u0161nom upozornen\u00ed.                                                                                                                                                                                                                                                                                                                                                                                           4.2\/5 - (9 votes)        "},{"@context":"https:\/\/schema.org\/","@type":"BreadcrumbList","itemListElement":[{"@type":"ListItem","position":1,"name":"Star\u0161ia gener\u00e1cia","item":"https:\/\/www.mcon.sk\/starsia-generacia\/#breadcrumbitem"}]}]