[{"@context":"https:\/\/schema.org\/","@type":"Article","@id":"https:\/\/www.mcon.sk\/moda-a-aktalne-modne-trendy\/#Article","mainEntityOfPage":"https:\/\/www.mcon.sk\/moda-a-aktalne-modne-trendy\/","headline":"M\u00f3da a akt\u00e1lne m\u00f3dne trendy","name":"M\u00f3da a akt\u00e1lne m\u00f3dne trendy","description":"Ka\u017ed\u00fd z n\u00e1s sa ur\u010dite chce pekne obliec\u0165, ve\u010f nenadarmo sa hovor\u00ed, \u017ee &#8222;\u0161aty robia \u010dloveka&#8220;. M\u00f3dne trendy n\u00e1s sprev\u00e1dzaj\u00fa [&hellip;]","datePublished":"2023-03-24","dateModified":"2024-02-21","author":{"@type":"Person","@id":"https:\/\/www.mcon.sk\/author\/#Person","name":"","url":"https:\/\/www.mcon.sk\/author\/","identifier":1,"image":{"@type":"ImageObject","@id":"https:\/\/secure.gravatar.com\/avatar\/325464d7e09ffe52889ba6983accc5cdb65d0a54acd9a25cd7e409bd3eba713a?s=96&d=mm&r=g","url":"https:\/\/secure.gravatar.com\/avatar\/325464d7e09ffe52889ba6983accc5cdb65d0a54acd9a25cd7e409bd3eba713a?s=96&d=mm&r=g","height":96,"width":96}},"publisher":{"@type":"Organization","name":"mcon.sk","logo":{"@type":"ImageObject","@id":"\/logo.png","url":"\/logo.png","width":600,"height":60}},"image":{"@type":"ImageObject","@id":"https:\/\/www.mcon.sk\/wp-content\/uploads\/pexels-inna-mykytas-14007812_1.jpg","url":"https:\/\/www.mcon.sk\/wp-content\/uploads\/pexels-inna-mykytas-14007812_1.jpg","height":0,"width":0},"url":"https:\/\/www.mcon.sk\/moda-a-aktalne-modne-trendy\/","about":["M\u00f3da"],"wordCount":424,"articleBody":"Ka\u017ed\u00fd z n\u00e1s sa ur\u010dite chce pekne obliec\u0165, ve\u010f nenadarmo sa hovor\u00ed, \u017ee &#8222;\u0161aty robia \u010dloveka&#8220;. M\u00f3dne trendy n\u00e1s sprev\u00e1dzaj\u00fa takmer po cel\u00fd n\u00e1\u0161 \u017eivot. Ako sa v\u0161ak pekne obliec\u0165 a kde h\u013eada\u0165 in\u0161pir\u00e1ciu? R\u00f4zne weby pon\u00fakaj\u00fa neskuto\u010dn\u00e9 mno\u017estvo oble\u010denia a doplnkov, ako sa v\u0161ak dop\u00e1tra\u0165 k tomu najlep\u0161iemu? Ur\u010dite to chce kopec n\u00e1mahy surfova\u0165 po internete, ak pr\u00e1ve nem\u00e1te m\u00f3dneho poradcu, ktor\u00fd by V\u00e1m odporu\u010dil ako sa kde obliec\u0165 a ak\u00e9 doplnky pritom pou\u017ei\u0165. Ak patr\u00edte medzi ob\u013e\u00fabencov ko\u017eenej elegancie, ko\u017ee a ste fajn\u0161mejkr na kvalitn\u00e9 veci, potom pre V\u00e1s je doporu\u010den\u00e1 zna\u010dka Herm\u00e9s, presl\u00e1ven\u00e1 svojou kvalitou. D\u00e1my, ak milujete kabelky, t\u00e1to\u00a0 zna\u010dka je v\u00fdhradne pre V\u00e1s. Kabelky zna\u010dky Herm\u00e9s\u00a0 sa predali u\u017e za st\u00e1tis\u00edce dol\u00e1rov.\u010ci u\u017e s\u00fa to kabelky, odevy, top\u00e1nky, \u010di doplnky, trh pon\u00faka ve\u013ek\u00e9 mno\u017estvo a objem vec\u00ed, z ktor\u00fdch si vyberie ur\u010dite ka\u017ed\u00fd. Ozaj, vedeli Ste, \u017ee prv\u00fa bundu, takzvan\u00fa &#8222;bomberu&#8220;, vytvoril m\u00f3dny n\u00e1vrh\u00e1r Giorgio Armani? Navrhol s\u00e9riu ko\u017een\u00fdch b\u00fand tohto typu pod svoj\u00edm vlastn\u00fdm menom. Spome\u0148me aj ostatn\u00fdch svetov\u00fdch m\u00f3dnych n\u00e1vrh\u00e1rov, ako s\u00fa: Louis Vuitton (najhodnotnej\u0161ia a najpopul\u00e1rnej\u0161ia zna\u010dka na svete), Gucii, Prada, Chanel, Burberry, Valentino Red, Armani, Versace Dior (azda naospevovanej\u0161ia zna\u010dka zv\u00fdraz\u0148uj\u00faca \u017eensk\u00e9 boky a poprsie). U n\u00e1s \u010dasto vyh\u013ead\u00e1vanou zna\u010dko, aj k\u00f4li cene je zna\u010dka H&amp;M, ktor\u00e1 pon\u00faka odv\u00e1\u017ene strihy, zauj\u00edmav\u00e9 text\u00fary, prepracovan\u00e9 jemn\u00e9 t\u00f3ny.Chcete oble\u010denie, ktor\u00e9 V\u00e1m vydr\u017e\u00ed cel\u00e9 gener\u00e1cie? Potom by Ste ur\u010dite mali investova\u0165 do kvality. A tak\u00fato kvalitu pon\u00faka opulentn\u00e1 chic elegancia z Par\u00ed\u017ea. Vo Va\u0161om \u0161atn\u00edku by rozhodne nemali ch\u00fdba\u0165 m\u00f3dne k\u00fasky ako s\u00fa: ko\u017een\u00fd trench coat, ktor\u00fd sa hod\u00ed rovnako k nohaviciam, jeansom, sukniam \u010di kr\u00e1tkym nohaviciam, \u010falej by V\u00e1m vo Va\u0161om \u0161atn\u00edku nemalo ch\u00fdba\u0165 svetrov\u00e9 pon\u010do ide\u00e1lne bu\u010f kr\u00e9movej\u00a0 \u010di \u010diernej faby. Mohli by sme vymenova\u0165 mnoho \u010fa\u013e\u0161\u00edch k\u00faskov, ktor\u00e9 V\u00e1m v \u0161atn\u00edku nesm\u00fa ch\u00fdba\u0165, av\u0161ak\u00a0kone\u010dn\u00fd v\u00fdber je v\u017edy len na V\u00e1s.                                                                                                                                                                                                                                                                                                                                                                                        3.8\/5 - (6 votes)        "},{"@context":"https:\/\/schema.org\/","@type":"BreadcrumbList","itemListElement":[{"@type":"ListItem","position":1,"name":"M\u00f3da a akt\u00e1lne m\u00f3dne trendy","item":"https:\/\/www.mcon.sk\/moda-a-aktalne-modne-trendy\/#breadcrumbitem"}]}]