[{"@context":"https:\/\/schema.org\/","@type":"Article","@id":"https:\/\/www.mcon.sk\/extremne-obezni-ludia\/#Article","mainEntityOfPage":"https:\/\/www.mcon.sk\/extremne-obezni-ludia\/","headline":"Extr\u00e9mne ob\u00e9zni \u013eudia","name":"Extr\u00e9mne ob\u00e9zni \u013eudia","description":"Kr\u00e1sa je nie\u010do, \u010do sa ned\u00e1 jednozna\u010dne ur\u010di\u0165. V\u00a0minulej dobe ma zaujali pr\u00edbehy z\u00a0extr\u00e9mnych premien, ktor\u00e9 moment\u00e1lne vysielaj\u00fa na telev\u00edzii [&hellip;]","datePublished":"2019-09-23","dateModified":"2019-09-23","author":{"@type":"Person","@id":"https:\/\/www.mcon.sk\/author\/#Person","name":"","url":"https:\/\/www.mcon.sk\/author\/","identifier":1,"image":{"@type":"ImageObject","@id":"https:\/\/secure.gravatar.com\/avatar\/325464d7e09ffe52889ba6983accc5cdb65d0a54acd9a25cd7e409bd3eba713a?s=96&d=mm&r=g","url":"https:\/\/secure.gravatar.com\/avatar\/325464d7e09ffe52889ba6983accc5cdb65d0a54acd9a25cd7e409bd3eba713a?s=96&d=mm&r=g","height":96,"width":96}},"publisher":{"@type":"Organization","name":"mcon.sk","logo":{"@type":"ImageObject","@id":"\/logo.png","url":"\/logo.png","width":600,"height":60}},"image":{"@type":"ImageObject","@id":"https:\/\/www.mcon.sk\/wp-content\/uploads\/img_a306576_w16834_t1569071213.jpg","url":"https:\/\/www.mcon.sk\/wp-content\/uploads\/img_a306576_w16834_t1569071213.jpg","height":0,"width":0},"url":"https:\/\/www.mcon.sk\/extremne-obezni-ludia\/","about":["Kr\u00e1sa"],"wordCount":401,"articleBody":"Kr\u00e1sa je nie\u010do, \u010do sa ned\u00e1 jednozna\u010dne ur\u010di\u0165. V\u00a0minulej dobe ma zaujali pr\u00edbehy z\u00a0extr\u00e9mnych premien, ktor\u00e9 moment\u00e1lne vysielaj\u00fa na telev\u00edzii mark\u00edzy pod veden\u00edm Maro\u0161a Moln\u00e1ra. Je to nie\u010do neuverite\u013en\u00e9, \u010do dok\u00e1\u017ee za jeden rok \u2013 365 dn\u00ed s\u00a0dan\u00fdm \u010dlovekom. Ned\u00e1 sa to ani vyslovi\u0165 ako ve\u013emi je to obdivuhodn\u00e9 a\u00a0perfektn\u00e9. Fakt ten \u010dlovek potrebuje ma\u0165 neuverite\u013en\u00fa silu a\u00a0odhodlanie.\tS\u00fa kr\u00e1sni alebo nie?A\u00a0pr\u00e1ve o\u00a0t\u00fdchto \u013eu\u010foch by som sa rada vyjadrila. Nie je to t\u00fdm, \u017ee nie s\u00fa samy o\u00a0sebe kr\u00e1sni, ale samy seba ohrozuj\u00fa na vlastnom \u017eivote. Lebo extr\u00e9mna alebo nadmern\u00e1 obezita je jednozna\u010dne v\u00a0prvom rade zdravotn\u00fd probl\u00e9m a\u00a0a\u017e potom estetick\u00fd probl\u00e9m. Ka\u017ed\u00fd \u010dlovek, \u010do m\u00e1 nadv\u00e1hu si to dostato\u010dne uvedomuje, ale naj\u010dastej\u0161ie nem\u00e1 dostatok s\u00edl na to, aby s\u00a0t\u00fdm nie\u010do spravil. Je to nad jeho sily. Ka\u017ed\u00fd de\u0148 si povie, \u017ee u\u017e zajtra sa to zlep\u0161\u00ed alebo pozajtra za\u010dne. Od pondelka, od \u010fal\u0161ieho mesiaca alebo podobne.. je to za\u010darovan\u00fd kruh, ktor\u00fd ukon\u010d\u00ed bu\u010f n\u00e1hle zobudenie alebo sa to bude neust\u00e1le naba\u013eova\u0165 a\u00a0priam nikdy neskon\u010d\u00ed. A\u017e \u010dlovek skon\u010d\u00ed nadobro.\t\u00a0Boli ob\u00e9zni \u013eudia aj v\u00a0minulosti?Nepam\u00e4t\u00e1m si, \u017ee by sa v\u00a0dejin\u00e1ch \u013eudstva spom\u00ednalo nie\u010do tak\u00e9, \u017ee boli ob\u00e9zni \u013eudia alebo \u013eudia, ktor\u00ed trpeli ve\u013ekou v\u00e1hou. Alebo nepozn\u00e1m dostato\u010dne dejiny? To by u\u017e ale bola dobr\u00e1 ot\u00e1zka sk\u00f4r pre druh\u00fdch \u013eud\u00ed, nie priamo pre m\u0148a. V\u00a0dejin\u00e1ch sa moc nevyzn\u00e1m a\u00a0nie je to rovno moja siln\u00e1 str\u00e1nka.\u013dudia, ktor\u00ed s\u00fa cel\u00fd \u017eivot chud\u00ed, si nie\u010do tak\u00e9 ani nevedia predstavi\u0165. Je to pre nich nepochopite\u013en\u00e9 ako pre n\u00e1s je nepochopite\u013en\u00e9 to, \u017ee oni sa najedia pokojne v\u0161etko, \u010do len chc\u00fa a\u00a0nepriber\u00fa ani gram. A\u00a0my m\u00e1me pocit, \u017ee priber\u00e1me aj zo vzduchu alebo z\u00a0vody. Ale to neznamen\u00e1, \u017ee \u013eudia, ktor\u00ed s\u00fa trochu pri tele s\u00fa \u0161kared\u00ed. Ka\u017ed\u00fd sme kr\u00e1sni, z\u00e1le\u017e\u00ed len na uhle poh\u013eadu a\u00a0predsa sme ka\u017ed\u00fd na obraz bo\u017e\u00ed. JDobr\u00e1 my\u0161lienka aj ke\u010f never\u00edte .. M\u00e1 to nie\u010do do seba.                                                                                                                                                                                                                                                                                                                                                                                        4.5\/5 - (8 votes)        "},{"@context":"https:\/\/schema.org\/","@type":"BreadcrumbList","itemListElement":[{"@type":"ListItem","position":1,"name":"Extr\u00e9mne ob\u00e9zni \u013eudia","item":"https:\/\/www.mcon.sk\/extremne-obezni-ludia\/#breadcrumbitem"}]}]