[{"@context":"https:\/\/schema.org\/","@type":"Article","@id":"https:\/\/www.mcon.sk\/buducnost-slovenskeho-futbalu\/#Article","mainEntityOfPage":"https:\/\/www.mcon.sk\/buducnost-slovenskeho-futbalu\/","headline":"Bud\u00facnos\u0165 slovensk\u00e9ho futbalu","name":"Bud\u00facnos\u0165 slovensk\u00e9ho futbalu","description":"V\u00fdborn\u00fdmi v\u00fdkonmi sa \u201eslovensk\u00ed sokol\u00edci\u201c prezentovali na tohtoro\u010dn\u00fdch Majstrovstv\u00e1ch Eur\u00f3py do 21 rokov v\u00a0Po\u013esku. Hoci ukon\u010denie ich \u00fa\u010dinkovania pred br\u00e1nami [&hellip;]","datePublished":"2017-06-28","dateModified":"2017-06-28","author":{"@type":"Person","@id":"https:\/\/www.mcon.sk\/author\/#Person","name":"","url":"https:\/\/www.mcon.sk\/author\/","identifier":1,"image":{"@type":"ImageObject","@id":"https:\/\/secure.gravatar.com\/avatar\/325464d7e09ffe52889ba6983accc5cdb65d0a54acd9a25cd7e409bd3eba713a?s=96&d=mm&r=g","url":"https:\/\/secure.gravatar.com\/avatar\/325464d7e09ffe52889ba6983accc5cdb65d0a54acd9a25cd7e409bd3eba713a?s=96&d=mm&r=g","height":96,"width":96}},"publisher":{"@type":"Organization","name":"mcon.sk","logo":{"@type":"ImageObject","@id":"\/logo.png","url":"\/logo.png","width":600,"height":60}},"image":{"@type":"ImageObject","@id":"https:\/\/www.mcon.sk\/wp-content\/uploads\/img_a282080_w16480_t1503927762.jpg","url":"https:\/\/www.mcon.sk\/wp-content\/uploads\/img_a282080_w16480_t1503927762.jpg","height":0,"width":0},"url":"https:\/\/www.mcon.sk\/buducnost-slovenskeho-futbalu\/","wordCount":485,"articleBody":"V\u00fdborn\u00fdmi v\u00fdkonmi sa \u201eslovensk\u00ed sokol\u00edci\u201c prezentovali na tohtoro\u010dn\u00fdch Majstrovstv\u00e1ch Eur\u00f3py do 21 rokov v\u00a0Po\u013esku. Hoci ukon\u010denie ich \u00fa\u010dinkovania pred br\u00e1nami semifin\u00e1le spe\u010datil kontroverzn\u00fd z\u00e1pas medzi Talianmi a\u00a0Nemcami, doma sa \u201easpo\u0148\u201c mohli te\u0161i\u0165 na ponuky zo zahrani\u010dia na prestup. Pozrime sa teda na na\u0161ich n\u00e1dejn\u00fdch hr\u00e1\u010dov a\u00a0ich prestupy.Milan \u0160kriniar \u2013 22 rokov, obranca22-ro\u010dn\u00fd rod\u00e1k zo \u017diaru nad Hronom za\u010d\u00ednal s\u00a0ve\u013ek\u00fdm futbalom v\u00a0M\u0160K \u017dilina. Debut za \u201e\u00c1-\u010dko\u201c za\u017eil u\u017e ke\u010f mal 17 rokov. Dok\u00e1\u017ee zahra\u0165 na poz\u00edcii obrancu, ale aj defenz\u00edvneho stredopoliara. V\u00a0roku 2016 ho odk\u00fapila Sampdoria Janov za 1 mili\u00f3n eur a\u00a0stal sa k\u013e\u00fa\u010dovou postavou v\u00a0zostave Marca Giampaola. Na ME do 21 rokov v\u00a0Po\u013esku zaujal svojimi v\u00fdkonmi nielen predstavite\u013eov UEFA, ktor\u00ed ho zaradili do najlep\u0161ej jeden\u00e1stky turnaja, ale tie\u017e \u010fal\u0161\u00ed sl\u00e1vny taliansky klub Inter Mil\u00e1no. Prestup do t\u00edmu Nerazzurri skompletizoval 7. j\u00fala a\u00a0\u010diastka 23 mili\u00f3nov eur, ktor\u00fa za\u0148ho Inter zaplatil, z\u00a0neho spravila najdrah\u0161ieho Slov\u00e1ka v\u00a0hist\u00f3rii. Dovtedaj\u0161\u00ed rekord dr\u017eal Vratislav Gre\u0161ko, ktor\u00fd v\u00a0roku 2002 prest\u00fapil rovnako do Interu, av\u0161ak z\u00a0Parmy, za 21,5 mili\u00f3na eur.Martin Chrien \u2013 21 rokov, z\u00e1lo\u017en\u00edkMartin poch\u00e1dza z\u00a0Banskej Bystrice, kde v\u00a0miestnej Dukle za\u017eil ligov\u00fd debut v\u00a0decembri 2012 v\u00a0z\u00e1pase proti MFK Ko\u0161ice. Po dvoch rokoch medzi seniormi a\u00a029 odohran\u00fdch z\u00e1pasoch poputoval do \u010deskej Viktorie Plze\u0148, kde podp\u00edsal 4-ro\u010dn\u00fd kontrakt. V\u00e4\u010d\u0161inu svojho \u010dasu v\u0161ak str\u00e1vil na hos\u0165ovaniach v\u00a0\u010cesk\u00fdch Bud\u011bjoviciach, Zbrojovke Brno \u010di Ru\u017eomberku. Najm\u00e4 v\u00a0posledn\u00fdch dvoch menovan\u00fdch sa mu nadmieru darilo a\u00a0do Po\u013eska cestoval s\u00a0n\u00e1lepkou n\u00e1\u0161ho najprodukt\u00edvnej\u0161ieho hr\u00e1\u010da. G\u00f3lovo sa dok\u00e1zal presadi\u0165 proti Angli\u010danom aj \u0160v\u00e9dom a\u00a0pridal aj dve asistencie. 29. j\u00fana skompletizoval svoj prestup do Benficy Lisabon, z\u00a0ktorej akad\u00e9mie vy\u0161li talentovan\u00ed mlad\u00edci ako Andr\u00e9 Gomes (FC Barcelona), Renato Sanches (Bayern Mn\u00edchov) \u010di Bernardo Silva (Manchester City).Stanislav Lobotka \u2013 22 rokov, z\u00e1lo\u017en\u00edkOdchovanec AS Tren\u010d\u00edn odohral v\u00a0slovenskej lige 68 z\u00e1pasov a\u00a0v\u00a0sez\u00f3ne 2013\/2014 si ho na hos\u0165ovanie pozval Ajax Amsterdam. Hoci v \u201eB-\u010dku\u201c Ajaxu patril medzi opory, do pam\u00e4te sa vryl hlavne svojim v\u00fdrokom \u201eThis is my sen.\u201c V\u00a0roku 2015 putoval do d\u00e1nskeho FC Nordsj\u00e6lland, kde bol klubom dvakr\u00e1t po sebe vyhl\u00e1sen\u00fd najlep\u0161\u00edm hr\u00e1\u010dom sez\u00f3ny. Svoje kvality predviedol aj v oboch v\u00ed\u0165azn\u00fdch z\u00e1pasoch Slovenska na turnaji v\u00a0Po\u013esku a\u00a0v\u00a0oboch pr\u00edpadoch bol aj vyhl\u00e1sen\u00fd hr\u00e1\u010dom z\u00e1pasu. 15. j\u00fala prest\u00fapil za 5 mili\u00f3nov eur do \u0161panielskej Celty Vigo.                                                                                                                                                                                                                                                                                                                                                                                        3.7\/5 - (4 votes)        "},{"@context":"https:\/\/schema.org\/","@type":"BreadcrumbList","itemListElement":[{"@type":"ListItem","position":1,"name":"Bud\u00facnos\u0165 slovensk\u00e9ho futbalu","item":"https:\/\/www.mcon.sk\/buducnost-slovenskeho-futbalu\/#breadcrumbitem"}]}]