[{"@context":"https:\/\/schema.org\/","@type":"Article","@id":"https:\/\/www.mcon.sk\/ako-sa-obliect-v-zime\/#Article","mainEntityOfPage":"https:\/\/www.mcon.sk\/ako-sa-obliect-v-zime\/","headline":"Ako sa obliec\u0165 v zime?","name":"Ako sa obliec\u0165 v zime?","description":"Pozn\u00e1me r\u00f4zne \u0161t\u00fdly m\u00f3dy, ktor\u00e9 rozde\u013eujeme aj pod\u013ea toho, ak\u00e9 je vonku po\u010dasie. V na\u0161om p\u00e1sme sa striedaj\u00fa \u0161tyri ro\u010dn\u00e9 [&hellip;]","datePublished":"2023-08-30","dateModified":"2024-05-30","author":{"@type":"Person","@id":"https:\/\/www.mcon.sk\/author\/#Person","name":"","url":"https:\/\/www.mcon.sk\/author\/","identifier":1,"image":{"@type":"ImageObject","@id":"https:\/\/secure.gravatar.com\/avatar\/325464d7e09ffe52889ba6983accc5cdb65d0a54acd9a25cd7e409bd3eba713a?s=96&d=mm&r=g","url":"https:\/\/secure.gravatar.com\/avatar\/325464d7e09ffe52889ba6983accc5cdb65d0a54acd9a25cd7e409bd3eba713a?s=96&d=mm&r=g","height":96,"width":96}},"publisher":{"@type":"Organization","name":"mcon.sk","logo":{"@type":"ImageObject","@id":"\/logo.png","url":"\/logo.png","width":600,"height":60}},"image":{"@type":"ImageObject","@id":"https:\/\/www.mcon.sk\/wp-content\/uploads\/woman-1123645_640.jpg","url":"https:\/\/www.mcon.sk\/wp-content\/uploads\/woman-1123645_640.jpg","height":0,"width":0},"url":"https:\/\/www.mcon.sk\/ako-sa-obliect-v-zime\/","about":["M\u00f3da"],"wordCount":404,"articleBody":"Pozn\u00e1me r\u00f4zne \u0161t\u00fdly m\u00f3dy, ktor\u00e9 rozde\u013eujeme aj pod\u013ea toho, ak\u00e9 je vonku po\u010dasie. V na\u0161om p\u00e1sme sa striedaj\u00fa \u0161tyri ro\u010dn\u00e9 obdobie, a to jar, leto, jese\u0148 aj zima. Na ka\u017ed\u00e9 ro\u010dn\u00e9 obdobie sa potrebujete aj primerane obliec\u0165. V lete v\u00e1m sta\u010d\u00ed na seba obliec\u0165 oble\u010denie z \u013eahk\u00e9ho materi\u00e1lu, v ktorom v\u00e1m nebude teplo a budete sa v \u0148om c\u00edti\u0165 pr\u00edjemne. Na jar alebo jese\u0148 u\u017e potrebujete teplej\u0161ie oble\u010denie, ktor\u00e9 bude dobre sl\u00fa\u017ei\u0165 aj po\u010das toho, ke\u010f bude f\u00faka\u0165 vietor alebo pr\u0161a\u0165. Na to existuj\u00fa r\u00f4zne prechodn\u00e9 bundy, ktor\u00e9 v\u00e1s zahrej\u00fa. Vhodn\u00fd doplnkom do chladnej\u0161ieho po\u010dasia je \u0161\u00e1l alebo prechodn\u00e1 \u010diapka. No, \u010do si m\u00e1te obliec\u0165, ke\u010f vonku sne\u017e\u00ed alebo je chladn\u00e1 zima? Aj na toto obdobie existuje mno\u017estvo oble\u010denia, ktor\u00e9 v\u00e1s dok\u00e1\u017ee zahria\u0165 aj v t\u00fdch najchladnej\u0161\u00edch d\u0148och.Zimn\u00e9 obdobie patr\u00ed k na\u0161im \u017eivotom. Potrebujeme sa k nemu prisp\u00f4sobi\u0165 aj v\u010faka vhodn\u00e9mu oble\u010deniu. Na zimn\u00e9 obdobie je vynikaj\u00facim oble\u010den\u00edm pr\u00e1ve ve\u013emi tepl\u00e1 zimn\u00e1 bunda alebo zimn\u00fd kab\u00e1t. Ve\u013ea zimn\u00fdch vetroviek je vatovan\u00fdch alebo vyteplen\u00fdch ko\u017eu\u0161inou, aby v\u00e1s v zime zahriali dostato\u010dne. Ako vhodn\u00fdm doplnkom bude pre v\u00e1s tepl\u00fd \u0161\u00e1l, zimn\u00e1 \u010diapka alebo aj tepl\u00e9 rukavice. Ak pl\u00e1nujete \u00eds\u0165 sa ly\u017eova\u0165 alebo do h\u00f4r, ur\u010dite ocen\u00edte ly\u017eiarske bundy a nohavice, ktor\u00e9 s\u00fa aj funk\u010dn\u00e9.Do snehu si obujte snehule alebo dostato\u010dne tepl\u00e9 \u010di\u017emy \u010di top\u00e1nky, ktor\u00e9 s\u00fa ur\u010den\u00e9 pr\u00e1ve do tak\u00e9hoto nepriazniv\u00e9ho po\u010dasia. Myslite aj na spodn\u00e9 oble\u010denie. Spr\u00e1vny v\u00fdber pan\u010du\u0161iekk alebo spodiek pre mu\u017eov je potrebn\u00fd. Spodn\u00e9 oble\u010denie si oble\u010diete pod vrchn\u00e9 nohavice alebo pod zateplen\u00fa mikinu \u010di sveter. Je to vynikaj\u00faci sp\u00f4sob, ako sa zahrejete aj v chladnom po\u010dasi. Deti musia ma\u0165 aspo o jednu vrstvu viac oble\u010denia ako vy. Poriadne svoje deti oble\u010dte, aby nepri\u0161li domov chor\u00e9 alebo nachladnut\u00e9. Nevhodn\u00fdm alebo slab\u00fdm oble\u010den\u00edm by ste im oslabili imunitu a va\u0161e deti by sa \u010falej nemohli te\u0161i\u0165 zo snehu, ktor\u00fd v\u00e1m napadol priamo vo va\u0161om meste.                                                                                                                                                                                                                                                                                                                                                                                        4.3\/5 - (9 votes)        "},{"@context":"https:\/\/schema.org\/","@type":"BreadcrumbList","itemListElement":[{"@type":"ListItem","position":1,"name":"Ako sa obliec\u0165 v zime?","item":"https:\/\/www.mcon.sk\/ako-sa-obliect-v-zime\/#breadcrumbitem"}]}]